{"id":958,"date":"2012-06-02T08:15:32","date_gmt":"2012-06-02T08:15:32","guid":{"rendered":"http:\/\/oksygen.pl\/blog\/?p=958"},"modified":"2012-06-02T08:18:59","modified_gmt":"2012-06-02T08:18:59","slug":"w3-czyli-startup-weekend-juz-w-lipcu","status":"publish","type":"post","link":"http:\/\/oksygen.pl\/blog\/2012\/06\/w3-czyli-startup-weekend-juz-w-lipcu\/","title":{"rendered":"W3 czyli Startup Weekend ju\u017c w lipcu"},"content":{"rendered":"<p><a href=\"http:\/\/oksygen.pl\/blog\/wp-content\/uploads\/2012\/06\/KGrHqNikE-jB4o2IZBPyJhl1Nog48_35.jpg\"><img loading=\"lazy\" class=\"alignleft size-thumbnail wp-image-961\" style=\"margin-left: 0px; margin-right: 10px;\" title=\"Warsaw Startup Weekend #3\" src=\"http:\/\/oksygen.pl\/blog\/wp-content\/uploads\/2012\/06\/KGrHqNikE-jB4o2IZBPyJhl1Nog48_35-150x150.jpg\" alt=\"Warsaw Startup Weekend #3\" width=\"150\" height=\"150\" srcset=\"http:\/\/oksygen.pl\/blog\/wp-content\/uploads\/2012\/06\/KGrHqNikE-jB4o2IZBPyJhl1Nog48_35-150x150.jpg 150w, http:\/\/oksygen.pl\/blog\/wp-content\/uploads\/2012\/06\/KGrHqNikE-jB4o2IZBPyJhl1Nog48_35.jpg 300w\" sizes=\"(max-width: 150px) 100vw, 150px\" \/><\/a>Rok temu byli\u015bmy ju\u017c po zako\u0144czeniu pierwszej edycji Startup Weekendu w Warszawie, ale i w Polsce. Mamy rok 2012 i za miesi\u0105c z kawa\u0142kiem odb\u0119dzie si\u0119 ju\u017c trzecia Warszawska, oraz si\u00f3dma Polska edycja!<!--more--><\/p>\n<p>Mo\u017cna powiedzie\u0107, \u017ce \u201eSW\u201d wraca do korzeni czyli organizacji imprezy przez student\u00f3w. I tak g\u0142\u00f3wnymi zarz\u0105dcami SWWAW3 (13-15 lipca) s\u0105 Bartosz Staryga, \u0141ukasz Sobecki oraz Jarek Piotrowski wspomagani przez jeszcze kilka os\u00f3b (w tym mnie). Zar\u00f3wno Bartek jak i Jarek brali czynny udzia\u0142 w pierwszej edycji, oraz wsp\u00f3\u0142organizowali drug\u0105 \u2013 do\u015bwiadczenia i znajomo\u015bci eventu im nie brakuje :)<\/p>\n<p>Trzecia Warszawska edycja to te\u017c kolejna \u015bwietna miejsc\u00f3wka \u2013 tym razem go\u015bci\u0107 b\u0119dziemy w budynku BUW-u, w pomieszczeniach Wydzia\u0142u Prawa i Administracji Uniwersytetu Warszawskiego. Czyli blisko na kr\u0119gle, blisko do <a href=\"http:\/\/www.buw.uw.edu.pl\/images\/mapa\/ogrod.html\" target=\"_blank\">ogrod\u00f3w na dachu BUW-u<\/a>, blisko do \u201e<a href=\"https:\/\/www.facebook.com\/pages\/Cud-nad-Wis%C5%82%C4%85\/159108614144835\" target=\"_blank\">Cudu nad Wis\u0142\u0105<\/a>\u201d i wielu, wielu innych miejsc, kt\u00f3re pomog\u0105 w wieczornych integracjach. A liczymy, \u017ce lipcowa pogoda b\u0119dzie sprzyja\u0107 i pozwoli nawet w ci\u0105gu dnia pracowa\u0107 w plenerze \u2013 je\u015bli kto\u015b b\u0119dzie mia\u0142 taki kaprys.<\/p>\n<p>Co jeszcze mog\u0119 zdradzi\u0107? A np. \u017ce jednym ze m\u00f3wc\u00f3w i s\u0119dzi\u00f3w b\u0119dzie Mariusz Gralewski odpowiedzialny za sukces GoldenLine.pl, a ostatnio tak\u017ce inwestor w <a href=\"http:\/\/antyweb.pl\/positionly-com-kolejny-dobry-polski-startup-z-globalnymi-aspiracjami-juz-zauwazony-przez-inwestorow\/\" target=\"_blank\">startupie Positionly.com<\/a>. W\u015br\u00f3d mentor\u00f3w pojawi\u0105 si\u0119 osoby z du\u017cych firm, korporacji, projekt\u00f3w \u2013 czyli jak zwykle. Jednak z drugiej strony chcemy zaprosi\u0107 tak\u017ce troch\u0119 os\u00f3b, kt\u00f3re z powodzeniem \u201estartupuj\u0105\u201d i mog\u0105 si\u0119 podzieli\u0107 do\u015bwiadczeniem z ju\u017c przebytej drogi.<\/p>\n<p>Kto dok\u0142adnie znajdzie si\u0119 na li\u015bcie dok\u0142adnie p\u00f3ki co nie powiem, zach\u0119cam do \u015bledzenia <a href=\"http:\/\/warsaw.startupweekend.org\/\" target=\"_blank\">strony<\/a> lub <a href=\"https:\/\/www.facebook.com\/Warsaw.StartupWeekend\" target=\"_blank\">fanpaga<\/a> gdzie na bie\u017c\u0105co b\u0119dziemy umieszcza\u0107 wiele ciekawostek. Na stronie <a href=\"http:\/\/www.eventbrite.com\/event\/2696173327\" target=\"_blank\">SWWAW3<\/a> mo\u017cna tak\u017ce ju\u017c naby\u0107 bilety &#8211; tradycyjnie na starcie w promocyjnej cenie 29 euro :) <strong>Wa\u017cna informacj\u0105 jest limit miejsc do maksymalnie 100 uczestnik\u00f3w<\/strong>. W przeciwie\u0144stwie do wcze\u015bniejszych edycji nie b\u0119dzie od tego odst\u0119p bo zwyczajnie nie starczy nam miejsca.<\/p>\n<p>Ponadto ca\u0142y czas szukamy partner\u00f3w finansowych aby w pe\u0142ni dopi\u0105\u0107 bud\u017cet. Firmy kt\u00f3re chcia\u0142by by wsp\u00f3\u0142pracowa\u0107 zapraszam do kontaktu na FB lub maila.<\/p>\n<p>Ps. Lipiec jest wsz\u0119dzie, a Startup Weekend jest w lipcu ;)<\/p>\n<div id=\"fb-root\"><\/div><script src=\"http:\/\/connect.facebook.net\/en_US\/all.js#xfbml=1\"><\/script><fb:like href=\"http:\/\/oksygen.pl\/blog\/2012\/06\/w3-czyli-startup-weekend-juz-w-lipcu\/\" send=\"false\" layout=\"button_count\" width=\"450\" show_faces=\"true\" font=\"arial\" action=\"like\" colorscheme=\"light\"><\/fb:like>","protected":false},"excerpt":{"rendered":"<p>Rok temu byli\u015bmy ju\u017c po zako\u0144czeniu pierwszej edycji Startup Weekendu w Warszawie, ale i w Polsce. Mamy rok 2012 i za miesi\u0105c z kawa\u0142kiem odb\u0119dzie si\u0119 ju\u017c trzecia Warszawska, oraz si\u00f3dma Polska edycja!<\/p>\n","protected":false},"author":1,"featured_media":0,"comment_status":"open","ping_status":"open","sticky":false,"template":"","format":"standard","meta":[],"categories":[31],"tags":[39,76,64,74,161,61],"_links":{"self":[{"href":"http:\/\/oksygen.pl\/blog\/wp-json\/wp\/v2\/posts\/958"}],"collection":[{"href":"http:\/\/oksygen.pl\/blog\/wp-json\/wp\/v2\/posts"}],"about":[{"href":"http:\/\/oksygen.pl\/blog\/wp-json\/wp\/v2\/types\/post"}],"author":[{"embeddable":true,"href":"http:\/\/oksygen.pl\/blog\/wp-json\/wp\/v2\/users\/1"}],"replies":[{"embeddable":true,"href":"http:\/\/oksygen.pl\/blog\/wp-json\/wp\/v2\/comments?post=958"}],"version-history":[{"count":5,"href":"http:\/\/oksygen.pl\/blog\/wp-json\/wp\/v2\/posts\/958\/revisions"}],"predecessor-version":[{"id":964,"href":"http:\/\/oksygen.pl\/blog\/wp-json\/wp\/v2\/posts\/958\/revisions\/964"}],"wp:attachment":[{"href":"http:\/\/oksygen.pl\/blog\/wp-json\/wp\/v2\/media?parent=958"}],"wp:term":[{"taxonomy":"category","embeddable":true,"href":"http:\/\/oksygen.pl\/blog\/wp-json\/wp\/v2\/categories?post=958"},{"taxonomy":"post_tag","embeddable":true,"href":"http:\/\/oksygen.pl\/blog\/wp-json\/wp\/v2\/tags?post=958"}],"curies":[{"name":"wp","href":"https:\/\/api.w.org\/{rel}","templated":true}]}}