{"id":897,"date":"2012-04-19T14:42:05","date_gmt":"2012-04-19T14:42:05","guid":{"rendered":"http:\/\/oksygen.pl\/blog\/?p=897"},"modified":"2014-09-20T13:13:05","modified_gmt":"2014-09-20T13:13:05","slug":"czy-jest-za-co-lubic-sony-vaio","status":"publish","type":"post","link":"http:\/\/oksygen.pl\/blog\/2012\/04\/czy-jest-za-co-lubic-sony-vaio\/","title":{"rendered":"Czy jest za co lubi\u0107 Sony VAIO?"},"content":{"rendered":"<p><a href=\"http:\/\/oksygen.pl\/blog\/2012\/04\/czy-jest-za-co-lubic-sony-vaio\/\"><img loading=\"lazy\" class=\"alignleft size-thumbnail wp-image-898\" style=\"margin-left: 0px; margin-right: 10px;\" title=\"Czy jest za co lubi\u0107 Sony VAIO?\" src=\"http:\/\/oksygen.pl\/blog\/wp-content\/uploads\/2012\/04\/DSC05407-150x150.jpg\" alt=\"Czy jest za co lubi\u0107 Sony VAIO?\" width=\"150\" height=\"150\" \/><\/a>Jak pewnie cz\u0119\u015b\u0107 z Was czyta\u0142a moje VPC-SB1V9E\/B nie polubi\u0142o si\u0119 ze skokiem napi\u0119cia, lub czymkolwiek innym i zwyczajnie umar\u0142o. Ctrl Z nie pomaga\u0142o, ale&#8230;<!--more--><\/p>\n<p>&nbsp;<\/p>\n<p>Nie wiem tak do ko\u0144ca co si\u0119 sta\u0142o. Postawi\u0142em pos\u0142ucha\u0107 sobie muzyczki, podpinam g\u0142o\u015bniki do wyj\u015bcia s\u0142uchawkowego i nagle muzyka si\u0119 zaci\u0119\u0142a. Pomy\u015bla\u0142em sobie, \u017ce to kochany \u201esystem ochrony dysku\u201d by MS. Jednak mija chwila, dwie&#8230; a komp dalej ma czkawk\u0119. C\u00f3\u017c, reset i w sumie tyle. W zasadzie to, \u017ce prawie si\u0119 rozp\u0142aka\u0142em i popad\u0142em w ci\u0105gu 10 minut w depresj\u0119 w zasadzie nie ma znaczenia. Wa\u017cne jest to co dzia\u0142o si\u0119 po tym. A dzia\u0142o si\u0119 sporo.<\/p>\n<p>Po pierwsze g\u0142\u0119bokie uk\u0142ony w stron\u0119 &#8222;<a href=\"https:\/\/www.facebook.com\/Pan.Procesor.CTI\" target=\"_blank\">Pana Procesora<\/a>&#8222;, kt\u00f3ry to uratowa\u0142 w trybie ekspresowym niezb\u0119dne dane z dysku. Wielu niestety nie by\u0142o w \u017cadne chmurze, na \u017cadnym dysku. Nigdzie. Jednak traktuj\u0105c spraw\u0119 powa\u017cnie i mocno priorytetowo w ci\u0105gu 18h mia\u0142em do odebrania DVD i kompa gotowego do odes\u0142ania do serwisu. Przy okazji mia\u0142em okazj\u0119 na ciekaw\u0105 rozmow\u0119 o bran\u017cy IT, kt\u00f3ra jest mi ci\u0105gle bliska i na rzucenie kilku pomys\u0142\u00f3w, kt\u00f3re \u201ePan Procesor\u201d ma rozwa\u017cy i mo\u017ce wdro\u017cy\u0107 w \u017cycie. Dzi\u0119ki czemu b\u0119dzie to jeszcze ciekawszy serwis \u00a0do polecania Warszawiakom.<\/p>\n<p>Zanim jednak komp trafi\u0142 na odzyskiwanie danych postanowi\u0142em skorzysta\u0107 z infolinii i dowiedzie\u0107 si\u0119 jak to jest z t\u0105 moj\u0105 gwarancj\u0105 Door2Door od VAIO. Pan wydawa\u0142 si\u0119 konkretny, pomocny i co wa\u017cniejsze po opisaniu ca\u0142ego procesu \u2013 troszk\u0119 mnie pocieszy\u0142. Nie b\u0119d\u0119 pisa\u0142 jak g\u0142osi\u0142a teoria. Skupi\u0119 si\u0119 na praktyce.<\/p>\n<p>Poprzez telefon opisa\u0142em usterk\u0119, Pan dopyta\u0142 na co jeszcze warto zwr\u00f3ci\u0107 uwag\u0119, wszystko spisa\u0142, poda\u0142 numer zg\u0142oszenia i potwierdzi\u0142 um\u00f3wienie kuriera (ju\u017c po odzyskiwaniu daych). Kurier faktycznie zjawi\u0142 si\u0119 u mnie w pi\u0105tek rano z porz\u0105dnym kartonem zabezpieczaj\u0105cym przesy\u0142k\u0119. I w \u00a0tu zacz\u0119\u0142a si\u0119 magia. SMSem w poniedzia\u0142ek otrzyma\u0142em informacj\u0119, \u017ce przesy\u0142ka jest ju\u017c w Niemczech i je\u015bli nie b\u0119dzie problem\u00f3w z cz\u0119\u015bciami to w pi\u0105tek komputer zostanie odes\u0142any. I faktycznie. W pi\u0105tek przyszed\u0142 kolejny SMS, \u017ce naprawiony komputer zosta\u0142 w\u0142a\u015bnie wys\u0142any i oto numer przesy\u0142ki.<\/p>\n<p>Wys\u0142any w pi\u0105tek, w nast\u0119pny pi\u0105tek odes\u0142any. Komputer i wszystkie inne dodatkowe problemy, kt\u00f3re si\u0119 w mi\u0119dzy czasie pojawi\u0142y (nie dzia\u0142aj\u0105cy g\u0142o\u015bnik i kamerka) \u2013 naprawione bez gadania. Kurier w poniedzia\u0142ek ko\u0142o po\u0142udnia dostarczy\u0142 mi przesy\u0142k\u0119 w kt\u00f3rej opr\u00f3cz komputera by\u0142a karta naprawy i \u015bciereczka do ekranu (\u017ce niby mia\u0142em brudny?) w ramach skromnych przeprosin, \u017ce komputer musia\u0142em odes\u0142a\u0107 do serwisu.<\/p>\n<p style=\"text-align: left;\">Jedno co si\u0119 okaza\u0142o, obudowa z kt\u00f3rej zacz\u0119\u0142a schodzi\u0107 farba (a jak ustawi\u0142em w Sony Center \u2013 nie powinna) nie zosta\u0142a wymieniona. Jednak zrzucam to na barki Pana z infolinii, kt\u00f3ry chyba tego w og\u00f3le nie zapisa\u0142 \u2013 bo nie widz\u0119 tego na zg\u0142oszeniu serwisowym. Co ciekawe we wtorek zadzwoni\u0142a Pani i dopyta\u0142a czy mam komputer i wszystko jest tak jak by\u0107 powinno \u2013 ja na to, \u017ce no nie, bo obudowa dalej jest \u201e\u0142aciata\u201d, na co us\u0142ysza\u0142em \u201eale czy wszystko poza tym jest OK.?\u201d. Yyy no tak. No to ciesz\u0119 si\u0119 i pa.<\/p>\n<p style=\"text-align: center;\"><a href=\"http:\/\/oksygen.pl\/blog\/wp-content\/uploads\/2012\/04\/DSC05407.jpg\" target=\"_blank\"><img loading=\"lazy\" class=\"size-medium wp-image-898 aligncenter\" title=\"Sony VAIO SB: Schodz\u0105ca farba czy co\u015b...\" src=\"http:\/\/oksygen.pl\/blog\/wp-content\/uploads\/2012\/04\/DSC05407-300x200.jpg\" alt=\"Sony VAIO SB: Schodz\u0105ca farba czy co\u015b...\" width=\"300\" height=\"200\" srcset=\"http:\/\/oksygen.pl\/blog\/wp-content\/uploads\/2012\/04\/DSC05407-300x200.jpg 300w, http:\/\/oksygen.pl\/blog\/wp-content\/uploads\/2012\/04\/DSC05407-1024x685.jpg 1024w\" sizes=\"(max-width: 300px) 100vw, 300px\" \/><\/a><\/p>\n<p>Reasumuj\u0105c ub\u00f3stwiam moje VAIO SB z 2011 roku, nawet mimo tego, \u017ce seria Z jak tylko mnie widzi m\u00f3wi do mnie tato&#8230; Serwis te\u017c dal rad\u0119 &#8211; sprawnie, szybko bez gadania. Ca\u0142o\u015b\u0107 jednak spierdoli\u0142y osoby z contat center. Najpierw Pan, kt\u00f3ry dopytywa\u0142 co jeszcze zapisa\u0107, a p\u00f3\u017aniej nie zapisa\u0142 zachodz\u0105cej farby. A nast\u0119pnie Pani, kt\u00f3ra wr\u0119cz mnie sp\u0142awi\u0142a, po tym jak sama zadzwoni\u0142a z pytaniem czy wszystko OK. Ca\u0142o\u015b\u0107 zapisuje na 3+, a spokojnie mog\u0142a by\u0107 pi\u0105tka. C\u00f3\u017c ca\u0142a firma jest tak s\u0142aba, jak s\u0142aby potrafi by\u0107 jednej z jej pracownik\u00f3w.<\/p>\n<p>sp. A Sony dalej podaje czas pracy na baterii <a href=\"http:\/\/oksygen.pl\/blog\/2011\/06\/vaio-sb1v9eb-a-czas-pracy\/\" target=\"_blank\">mocno z kosmosu <\/a>:) Echhh :)<\/p>\n<p>&nbsp;<\/p>\n<p>&nbsp;<\/p>\n<div id=\"fb-root\"><\/div><script src=\"http:\/\/connect.facebook.net\/en_US\/all.js#xfbml=1\"><\/script><fb:like href=\"http:\/\/oksygen.pl\/blog\/2012\/04\/czy-jest-za-co-lubic-sony-vaio\/\" send=\"false\" layout=\"button_count\" width=\"450\" show_faces=\"true\" font=\"arial\" action=\"like\" colorscheme=\"light\"><\/fb:like>","protected":false},"excerpt":{"rendered":"<p>Jak pewnie cz\u0119\u015b\u0107 z Was czyta\u0142a moje VPC-SB1V9E\/B nie polubi\u0142o si\u0119 ze skokiem napi\u0119cia, lub czymkolwiek innym i zwyczajnie umar\u0142o. Ctrl Z nie pomaga\u0142o, ale&#8230;<\/p>\n","protected":false},"author":1,"featured_media":0,"comment_status":"open","ping_status":"open","sticky":false,"template":"","format":"standard","meta":[],"categories":[203],"tags":[67,66,151,61],"_links":{"self":[{"href":"http:\/\/oksygen.pl\/blog\/wp-json\/wp\/v2\/posts\/897"}],"collection":[{"href":"http:\/\/oksygen.pl\/blog\/wp-json\/wp\/v2\/posts"}],"about":[{"href":"http:\/\/oksygen.pl\/blog\/wp-json\/wp\/v2\/types\/post"}],"author":[{"embeddable":true,"href":"http:\/\/oksygen.pl\/blog\/wp-json\/wp\/v2\/users\/1"}],"replies":[{"embeddable":true,"href":"http:\/\/oksygen.pl\/blog\/wp-json\/wp\/v2\/comments?post=897"}],"version-history":[{"count":4,"href":"http:\/\/oksygen.pl\/blog\/wp-json\/wp\/v2\/posts\/897\/revisions"}],"predecessor-version":[{"id":1161,"href":"http:\/\/oksygen.pl\/blog\/wp-json\/wp\/v2\/posts\/897\/revisions\/1161"}],"wp:attachment":[{"href":"http:\/\/oksygen.pl\/blog\/wp-json\/wp\/v2\/media?parent=897"}],"wp:term":[{"taxonomy":"category","embeddable":true,"href":"http:\/\/oksygen.pl\/blog\/wp-json\/wp\/v2\/categories?post=897"},{"taxonomy":"post_tag","embeddable":true,"href":"http:\/\/oksygen.pl\/blog\/wp-json\/wp\/v2\/tags?post=897"}],"curies":[{"name":"wp","href":"https:\/\/api.w.org\/{rel}","templated":true}]}}