{"id":472,"date":"2011-05-30T13:45:12","date_gmt":"2011-05-30T13:45:12","guid":{"rendered":"http:\/\/oksygen.pl\/blog\/?p=472"},"modified":"2014-09-20T13:14:39","modified_gmt":"2014-09-20T13:14:39","slug":"fb-modny-takze-w-tym-sezonie","status":"publish","type":"post","link":"http:\/\/oksygen.pl\/blog\/2011\/05\/fb-modny-takze-w-tym-sezonie\/","title":{"rendered":"FB modny tak\u017ce w tym sezonie"},"content":{"rendered":"<p><a href=\"http:\/\/oksygen.pl\/blog\/2011\/05\/fb-modny-takze-w-tym-sezonie\/kupujeto\/\" rel=\"attachment wp-att-473\"><img loading=\"lazy\" class=\"alignleft size-thumbnail wp-image-473\" style=\"margin-left: 0px; margin-right: 10px;\" title=\"FB modny tak\u017ce w tym sezonie\" src=\"http:\/\/oksygen.pl\/blog\/wp-content\/uploads\/2011\/05\/kupujeto-150x134.jpg\" alt=\"FB modny tak\u017ce w tym sezonie\" width=\"150\" height=\"134\" \/><\/a>Projektanci tak\u017ce na sezon wiosna-lato 2011 przewidzieli premiery spod znaku \u201eSprzeda\u017cy na FB\u201d. Dlaczego mimo wielu s\u0142\u00f3w krytyki tak si\u0119 dzieje? Chyba dlatego, \u017ce \u201esprzeda\u017c na fejsie\u201d podobnie jak \u201ezakupy grupowe\u201d s\u0105 po prostu modne i wypada je mie\u0107 niczym pomara\u0144czowe ubrania tego lata.<!--more--><\/p>\n<p>Na wst\u0119pie przyznam, \u017ce na modzie si\u0119 nie znam, ale na potrzeby <a href=\"http:\/\/www.stylistka.pl\/wiosna-lato-2011-trendy-kolorystyczne\/\" target=\"_blank\">wpisu sprawdzi\u0142em<\/a> jakie kolory s\u0105 \u201emodne w tym sezonie\u201d. \u00a0Analitykiem zjawisk spo\u0142ecznych te\u017c nie jestem. Tutaj bardziej obserwatorem wyci\u0105gaj\u0105cym wnioski z tego co s\u0142ysz\u0119. O tym, \u017ce social media potrafi sprzedawa\u0107 tak\u017ce nad Wis\u0142\u0105<a href=\"http:\/\/oksygen.pl\/blog\/2011\/01\/sm-sprzedaje-a-f-commerce-nie\/\" target=\"_blank\"> ju\u017c pisa\u0142em<\/a>. Wierze w to dalej i ka\u017cdy dzie\u0144 utwierdza mnie w tym.\u00a0Jednak sk\u0105d to parcie na &#8222;sklep na FB\u201d. Tak do ko\u0144ca niestety nie wiem.<\/p>\n<p>Dzisiaj wystartowa\u0142y testy nowej aplikacji <a href=\"http:\/\/www.facebook.com\/kupujeto\" target=\"_blank\">Kupuje.to<\/a> i to w\u0142a\u015bnie jej chcia\u0142bym po\u015bwi\u0119ci\u0107 kilka s\u0142\u00f3w. Dla uporz\u0105dkowania danych kr\u00f3tki wst\u0119p. W tej chwili rozszerzenie sklepu o modu\u0142 fejsa oferuje<a href=\"http:\/\/www.iai-shop.com\/facebook.phtml\" target=\"_blank\"> IAI<\/a>,<a href=\"http:\/\/www.i-sklep.pl\/#facebook\" target=\"_blank\"> i-Sklep<\/a>, <a href=\"http:\/\/shoper.pl\/index.php?q=sklep-internetowy-shoper-na-facebooku.html\" target=\"_blank\">Shoper<\/a> oraz system, kt\u00f3rego nawy teraz nie pami\u0119tam. Do tego mamy niezale\u017cne platformy jak <a href=\"http:\/\/www.facebook.com\/InFlavo\" target=\"_blank\">InFlavo<\/a> i\u00a0<a href=\"http:\/\/www.facebook.com\/ShopAtSocial\" target=\"_blank\">Shop@Social<\/a>. System Appverty zosta\u0142 spo\u017cytkowany ju\u017c inaczej. Nie zapominajmy te\u017c o Tablica.pl oraz Sprzedajmy.pl, kt\u00f3re g\u0142osz\u0105 has\u0142o socjalnej sprzeda\u017cy gdzie tylko mog\u0105.<\/p>\n<p>Kupuje.to? Ma to by\u0107 taki internetowy bazarek, na kt\u00f3rym mo\u017cemy wystawia\u0107 swoje przedmioty. Nie ma to znaczenia czy u\u017cywane, czy n\u00f3wki dlatego nazwa\u0142em to bazarek. Czyli w za\u0142o\u017ceniu konkurencja dla Allegro wykorzystuj\u0105ca \u201esi\u0142\u0119 user\u00f3w FB\u201d. Za system odpowiedzialna jest firma D&amp;L Technology, kt\u00f3r\u0105 niekt\u00f3rzy mi\u0142o\u015bnicy e-commerce mog\u0105 kojarzy\u0107 z platformy <a href=\"http:\/\/www.tradoro.pl\/\" target=\"_blank\">Tradoro<\/a>.<\/p>\n<p>O ile, si\u0119 nie myl\u0119 jako pierwsze pomys\u0142 takiego bazarku w\u00a0Polsce\u00a0zastosowa\u0142 Shop@Social (<a href=\"http:\/\/apps.facebook.com\/shopatsocial\/marketplace?\" target=\"_blank\">aplikacja<\/a>) i chyba nawet niedawno pojawi\u0142a si\u0119 wersja 2.0 tego systemu. Tak\u017ce InFlavo\u00a0dorzuci\u0142o sw\u00f3j kamyczek do ogr\u00f3dka i zebra\u0142o wszystkie oferty w jednym miejscu pod nazw\u0105 InFlavo Market\u00a0(<a href=\"http:\/\/apps.facebook.com\/inflavo_market\/\" target=\"_blank\">aplikacja<\/a>).<\/p>\n<p>Prze\u0142omu nie ma? Mo\u017ce i nie, jednak Kupuje.to (<a href=\"http:\/\/apps.facebook.com\/kupuje-to\/\" target=\"_blank\">aplikacja<\/a>) nastawia si\u0119 podobnie jak InF na prezentacje poszczeg\u00f3lnych przedmiot\u00f3w, podczas gdy S@S promuje sprzedawc\u00f3w i nast\u0119pnej kolejno\u015bci ich ofert\u0119. W tej chwili na Kupuje.to nie da si\u0119 niczego fizycznie kupi\u0107 lub sprzeda\u0107 z uwagi na beta testy. Dlatego na wiele \u201e404\u201d i inne takie p\u00f3ki co przymykam oko.<\/p>\n<p><a href=\"http:\/\/oksygen.pl\/blog\/wp-content\/uploads\/2011\/05\/kupujeto-01.jpg\"><img loading=\"lazy\" class=\"aligncenter size-medium wp-image-474\" title=\"Kupuje.to - kliknij aby powi\u0119kszy\u0107\" src=\"http:\/\/oksygen.pl\/blog\/wp-content\/uploads\/2011\/05\/kupujeto-01-199x300.jpg\" alt=\"Kupuje.to - kliknij aby powi\u0119kszy\u0107\" width=\"199\" height=\"300\" srcset=\"http:\/\/oksygen.pl\/blog\/wp-content\/uploads\/2011\/05\/kupujeto-01-199x300.jpg 199w, http:\/\/oksygen.pl\/blog\/wp-content\/uploads\/2011\/05\/kupujeto-01-680x1024.jpg 680w, http:\/\/oksygen.pl\/blog\/wp-content\/uploads\/2011\/05\/kupujeto-01.jpg 776w\" sizes=\"(max-width: 199px) 100vw, 199px\" \/><\/a><\/p>\n<p>Co mi si\u0119 podoba?<\/p>\n<ol>\n<li>Na pewno to, \u017ce do modu\u0142u wyszukiwania dodano rozpoznawanie mowy. Niestety system miewa wpadki. Wym\u00f3wienie \u201ep\u0142yta cidi\u201d owocuje pojawieniem si\u0119 w pasku wyszukiwania \u201ep\u0142yta tv\u201d. Podobny problem z \u201edividi\u201d \u2013 has\u0142o niezrozumia\u0142e. Nie mniej jest to bajer, kt\u00f3ry mi si\u0119 podoba.<\/li>\n<li>U\u017cyteczno\u015b\u0107 i wygl\u0105d ca\u0142o\u015bci. Nie musia\u0142em si\u0119 nawet chwili zastanawia\u0107 co i gdzie. \u0141atwo i prawie bezbole\u015bnie przeby\u0142em proces wystawiania produktu.<\/li>\n<li>Przejrzysta identyfikacja sprzedaj\u0105cego jest podstaw\u0105 na kt\u00f3ra nastawiali si\u0119 tw\u00f3rcy. Faktycznie kupujemy od ludzi, kt\u00f3rzy w serwisie otrzymuj\u0105 komentarze za tranzakcie a ich profile na FB mo\u017cna \u0142atwo obejrze\u0107.<\/li>\n<\/ol>\n<p>Minus\u00f3w jednak si\u0119 nie ustrzegli. A w\u015br\u00f3d nich, mi\u0119dzy innymi:<\/p>\n<ol>\n<li>Nie wiem na ile link na profilu jest odwiedzany przez znajomych, jednak z pewno\u015bci\u0105 taka opcja by nie zaszkodzi\u0142a.<\/li>\n<li>Tak samo ca\u0142kowity brak integracji z fanpagami mo\u017ce wiele os\u00f3b nie przekona\u0107. Cho\u0107 tutaj trzeba postawi\u0107 pytanie czy ta platforma ma by\u0107 dla ikomersiak\u00f3w czy w\u0142a\u015bnie dla klient\u00f3w indywidualnych.<\/li>\n<li>Popracowa\u0107 trzeba by tak\u017ce nad kategoriami produkt\u00f3w. Wystawiaj\u0105c kod do systemu <a href=\"http:\/\/manubia.pl\" target=\"_blank\">Manubia<\/a> nie wiedzia\u0142em gdzie pasuje \u201ewirtualny kod\u201d. Sko\u0144czy\u0142o si\u0119 na \u201ePozosta\u0142ych\u201d.<\/li>\n<li>To co jest plusem jest jednocze\u015bnie minusem. Czy ka\u017cdy b\u0119dzie chcia\u0142 sprzedawa\u0107 pod swoim imieniem i nazwiskiem i formowa\u0107 ka\u017cd\u0105 akcje swoj\u0105 twarz\u0105? W\u0105tpi\u0119.<\/li>\n<li>Troszk\u0119 w\u0105tpliwo\u015bci mam co do systemu p\u0142atno\u015bci. Nie wida\u0107 go w wersji beta, jednak na facebooku mo\u017cemy przeczyta\u0107 \u017ce b\u0119dzie on autorski. Bez urazy dla firmy \u201e<a href=\"http:\/\/dltechnology.pl\/\" target=\"_blank\">D&amp;L Technology<\/a>\u201d (tw\u00f3rc\u00f3w Kupuje.to) jednak na t\u0105 chwil\u0119 nie wiem czy bym temu zaufa\u0142 :)<\/li>\n<li>Logo. Ej serio, nie ma ju\u017c lepszych pomys\u0142\u00f3w ni\u017c takie\u00a0odwo\u0142ania\u00a0do Allegro? Polecam <a href=\"http:\/\/www.riothue.com\" target=\"_blank\">RiotHueLab<\/a> je\u015bli brak\u00a0koncepcji\u00a0\u00a0;)<\/li>\n<\/ol>\n<p><a href=\"http:\/\/oksygen.pl\/blog\/wp-content\/uploads\/2011\/05\/kupujeto-02.jpg\"><img loading=\"lazy\" class=\"aligncenter size-medium wp-image-475\" title=\"Kupuje.to - kliknij aby powi\u0119kszy\u0107\" src=\"http:\/\/oksygen.pl\/blog\/wp-content\/uploads\/2011\/05\/kupujeto-02-225x300.jpg\" alt=\"Kupuje.to - kliknij aby powi\u0119kszy\u0107\" width=\"225\" height=\"300\" srcset=\"http:\/\/oksygen.pl\/blog\/wp-content\/uploads\/2011\/05\/kupujeto-02-225x300.jpg 225w, http:\/\/oksygen.pl\/blog\/wp-content\/uploads\/2011\/05\/kupujeto-02.jpg 771w\" sizes=\"(max-width: 225px) 100vw, 225px\" \/><\/a><\/p>\n<p>Reasumuj\u0105c. Nie zauwa\u017cy\u0107 inspiracji mechanizmami Allegro wr\u0119cz nie spos\u00f3b. Fajnie, \u017ce tak wiele z nich to dobre wzorce. Autorski system p\u0142atno\u015bci troszk\u0119 niepokoi tak samo jak fakt, \u017ce nigdzie nie ma informacji co do planowanych op\u0142at za korzystanie z platofmry. Nie mniej op\u00f3\u017aniony (chyba o 2 miesi\u0105ce) start beta test\u00f3w pozytywnie mnie zaskoczy\u0142.<\/p>\n<p>Czy przekona\u0142em si\u0119 do f-commece w wersji &#8222;ca\u0142y\u00a0sklep na FB&#8221;? Nie. Nie kupuje tego dalej, bo w tej chwili opisywana platforma pod\u0105\u017ca w zupe\u0142nie innym kierunek. Tutaj kient indywidualny wydaje si\u0119 by\u0107 nadrz\u0119dny, podczas gdy w Shop@Social i InFlavo, klient indywidualny wyszed\u0142 jakby \u201eprzy okazji\u201d.<\/p>\n<p>ps. Inwestorzy i komentatorzy na pewno zadali by tw\u00f3rcy jeszcze jedno pytanie. A co zrobicie jak Allegro (czy Tablica.pl) zrobi tak\u0105 platform\u0119 na Facebooku? Mo\u017ce tw\u00f3rcy odpowiedz\u0105 w komentarzach :)<\/p>\n<p>&nbsp;<\/p>\n<p>&nbsp;<\/p>\n<div id=\"fb-root\"><\/div><script src=\"http:\/\/connect.facebook.net\/en_US\/all.js#xfbml=1\"><\/script><fb:like href=\"http:\/\/oksygen.pl\/blog\/2011\/05\/fb-modny-takze-w-tym-sezonie\/\" send=\"false\" layout=\"button_count\" width=\"450\" show_faces=\"true\" font=\"arial\" action=\"like\" colorscheme=\"light\"><\/fb:like>","protected":false},"excerpt":{"rendered":"<p>Projektanci tak\u017ce na sezon wiosna-lato 2011 przewidzieli premiery spod znaku \u201eSprzeda\u017cy na FB\u201d. Dlaczego mimo wielu s\u0142\u00f3w krytyki tak si\u0119 dzieje? Chyba dlatego, \u017ce \u201esprzeda\u017c na fejsie\u201d podobnie jak \u201ezakupy grupowe\u201d s\u0105 po prostu modne i wypada je mie\u0107 niczym pomara\u0144czowe ubrania tego lata.<\/p>\n","protected":false},"author":1,"featured_media":0,"comment_status":"open","ping_status":"open","sticky":false,"template":"","format":"standard","meta":[],"categories":[201],"tags":[22,23,24,83,81,82],"_links":{"self":[{"href":"http:\/\/oksygen.pl\/blog\/wp-json\/wp\/v2\/posts\/472"}],"collection":[{"href":"http:\/\/oksygen.pl\/blog\/wp-json\/wp\/v2\/posts"}],"about":[{"href":"http:\/\/oksygen.pl\/blog\/wp-json\/wp\/v2\/types\/post"}],"author":[{"embeddable":true,"href":"http:\/\/oksygen.pl\/blog\/wp-json\/wp\/v2\/users\/1"}],"replies":[{"embeddable":true,"href":"http:\/\/oksygen.pl\/blog\/wp-json\/wp\/v2\/comments?post=472"}],"version-history":[{"count":14,"href":"http:\/\/oksygen.pl\/blog\/wp-json\/wp\/v2\/posts\/472\/revisions"}],"predecessor-version":[{"id":1170,"href":"http:\/\/oksygen.pl\/blog\/wp-json\/wp\/v2\/posts\/472\/revisions\/1170"}],"wp:attachment":[{"href":"http:\/\/oksygen.pl\/blog\/wp-json\/wp\/v2\/media?parent=472"}],"wp:term":[{"taxonomy":"category","embeddable":true,"href":"http:\/\/oksygen.pl\/blog\/wp-json\/wp\/v2\/categories?post=472"},{"taxonomy":"post_tag","embeddable":true,"href":"http:\/\/oksygen.pl\/blog\/wp-json\/wp\/v2\/tags?post=472"}],"curies":[{"name":"wp","href":"https:\/\/api.w.org\/{rel}","templated":true}]}}